{"id":731,"date":"2019-11-10T23:18:28","date_gmt":"2019-11-10T22:18:28","guid":{"rendered":"https:\/\/kanzlei-beuttler.de\/?p=731"},"modified":"2019-12-01T17:47:12","modified_gmt":"2019-12-01T16:47:12","slug":"eingang-der-massenentlassungsanzeige-entscheidet-ueber-zulaessigen-kuendigungszeitpunkt-bag-13-juni-2019","status":"publish","type":"post","link":"https:\/\/kanzlei-beuttler.de\/es\/eingang-der-massenentlassungsanzeige-entscheidet-ueber-zulaessigen-kuendigungszeitpunkt-bag-13-juni-2019\/","title":{"rendered":"Eingang der Massenentlassungsanzeige entscheidet \u00fcber zul\u00e4ssigen K\u00fcndigungszeitpunkt &#8211; BAG 13. Juni 2019"},"content":{"rendered":"<p><\/p>","protected":false},"excerpt":{"rendered":"","protected":false},"author":2,"featured_media":417,"comment_status":"closed","ping_status":"closed","sticky":false,"template":"","format":"standard","meta":{"footnotes":""},"categories":[7,53],"tags":[13,139,57,140],"class_list":["post-731","post","type-post","status-publish","format-standard","has-post-thumbnail","hentry","category-arbeitsrecht","category-kuendigung","tag-kuendigung","tag-massenentlassungsanzeige","tag-zeitpunkt","tag-zugang"],"yoast_head":"<!-- This site is optimized with the Yoast SEO plugin v25.5 - https:\/\/yoast.com\/wordpress\/plugins\/seo\/ -->\n<title>Eingang der Massenentlassungsanzeige entscheidet \u00fcber zul\u00e4ssigen K\u00fcndigungszeitpunkt - BAG 13. Juni 2019 - Kanzlei Beuttler<\/title>\n<meta name=\"description\" content=\"Eine K\u00fcndigung darf nicht schneller sein als eine Massenentlassungsanzeige. Geht eine K\u00fcndigung dem Arbeitnehmer zu, bevor die entsprechende Anzeige des Arbeitgebers bei der Agentur f\u00fcr Arbeit eingeht, ist sie unwirksam.\" \/>\n<meta name=\"robots\" content=\"index, follow, max-snippet:-1, max-image-preview:large, max-video-preview:-1\" \/>\n<link rel=\"canonical\" href=\"https:\/\/kanzlei-beuttler.de\/es\/eingang-der-massenentlassungsanzeige-entscheidet-ueber-zulaessigen-kuendigungszeitpunkt-bag-13-juni-2019\/\" \/>\n<meta property=\"og:locale\" content=\"es_ES\" \/>\n<meta property=\"og:type\" content=\"article\" \/>\n<meta property=\"og:title\" content=\"Eingang der Massenentlassungsanzeige entscheidet \u00fcber zul\u00e4ssigen K\u00fcndigungszeitpunkt - BAG 13. Juni 2019 - Kanzlei Beuttler\" \/>\n<meta property=\"og:description\" content=\"Eine K\u00fcndigung darf nicht schneller sein als eine Massenentlassungsanzeige. Geht eine K\u00fcndigung dem Arbeitnehmer zu, bevor die entsprechende Anzeige des Arbeitgebers bei der Agentur f\u00fcr Arbeit eingeht, ist sie unwirksam.\" \/>\n<meta property=\"og:url\" content=\"https:\/\/kanzlei-beuttler.de\/es\/eingang-der-massenentlassungsanzeige-entscheidet-ueber-zulaessigen-kuendigungszeitpunkt-bag-13-juni-2019\/\" \/>\n<meta property=\"og:site_name\" content=\"Kanzlei Beuttler\" \/>\n<meta property=\"article:published_time\" content=\"2019-11-10T22:18:28+00:00\" \/>\n<meta property=\"article:modified_time\" content=\"2019-12-01T16:47:12+00:00\" \/>\n<meta property=\"og:image\" content=\"https:\/\/kanzlei-beuttler.de\/wp-content\/uploads\/2017\/01\/IMG_6907-1.jpg\" \/>\n\t<meta property=\"og:image:width\" content=\"2048\" \/>\n\t<meta property=\"og:image:height\" content=\"1365\" \/>\n\t<meta property=\"og:image:type\" content=\"image\/jpeg\" \/>\n<meta name=\"author\" content=\"TJB\" \/>\n<meta name=\"twitter:card\" content=\"summary_large_image\" \/>\n<meta name=\"twitter:label1\" content=\"Escrito por\" \/>\n\t<meta name=\"twitter:data1\" content=\"TJB\" \/>\n\t<meta name=\"twitter:label2\" content=\"Tiempo de lectura\" \/>\n\t<meta name=\"twitter:data2\" content=\"3 minutos\" \/>\n<script type=\"application\/ld+json\" class=\"yoast-schema-graph\">{\"@context\":\"https:\/\/schema.org\",\"@graph\":[{\"@type\":\"WebPage\",\"@id\":\"https:\/\/kanzlei-beuttler.de\/es\/eingang-der-massenentlassungsanzeige-entscheidet-ueber-zulaessigen-kuendigungszeitpunkt-bag-13-juni-2019\/\",\"url\":\"https:\/\/kanzlei-beuttler.de\/es\/eingang-der-massenentlassungsanzeige-entscheidet-ueber-zulaessigen-kuendigungszeitpunkt-bag-13-juni-2019\/\",\"name\":\"Eingang der Massenentlassungsanzeige entscheidet \u00fcber zul\u00e4ssigen K\u00fcndigungszeitpunkt - BAG 13. Juni 2019 - Kanzlei Beuttler\",\"isPartOf\":{\"@id\":\"https:\/\/kanzlei-beuttler.de\/de\/#website\"},\"primaryImageOfPage\":{\"@id\":\"https:\/\/kanzlei-beuttler.de\/es\/eingang-der-massenentlassungsanzeige-entscheidet-ueber-zulaessigen-kuendigungszeitpunkt-bag-13-juni-2019\/#primaryimage\"},\"image\":{\"@id\":\"https:\/\/kanzlei-beuttler.de\/es\/eingang-der-massenentlassungsanzeige-entscheidet-ueber-zulaessigen-kuendigungszeitpunkt-bag-13-juni-2019\/#primaryimage\"},\"thumbnailUrl\":\"https:\/\/kanzlei-beuttler.de\/wp-content\/uploads\/2017\/01\/IMG_6907-1.jpg\",\"datePublished\":\"2019-11-10T22:18:28+00:00\",\"dateModified\":\"2019-12-01T16:47:12+00:00\",\"author\":{\"@id\":\"https:\/\/kanzlei-beuttler.de\/de\/#\/schema\/person\/731235c91a47222779a5d6dd480311b8\"},\"description\":\"Eine K\u00fcndigung darf nicht schneller sein als eine Massenentlassungsanzeige. Geht eine K\u00fcndigung dem Arbeitnehmer zu, bevor die entsprechende Anzeige des Arbeitgebers bei der Agentur f\u00fcr Arbeit eingeht, ist sie unwirksam.\",\"breadcrumb\":{\"@id\":\"https:\/\/kanzlei-beuttler.de\/es\/eingang-der-massenentlassungsanzeige-entscheidet-ueber-zulaessigen-kuendigungszeitpunkt-bag-13-juni-2019\/#breadcrumb\"},\"inLanguage\":\"es\",\"potentialAction\":[{\"@type\":\"ReadAction\",\"target\":[\"https:\/\/kanzlei-beuttler.de\/es\/eingang-der-massenentlassungsanzeige-entscheidet-ueber-zulaessigen-kuendigungszeitpunkt-bag-13-juni-2019\/\"]}]},{\"@type\":\"ImageObject\",\"inLanguage\":\"es\",\"@id\":\"https:\/\/kanzlei-beuttler.de\/es\/eingang-der-massenentlassungsanzeige-entscheidet-ueber-zulaessigen-kuendigungszeitpunkt-bag-13-juni-2019\/#primaryimage\",\"url\":\"https:\/\/kanzlei-beuttler.de\/wp-content\/uploads\/2017\/01\/IMG_6907-1.jpg\",\"contentUrl\":\"https:\/\/kanzlei-beuttler.de\/wp-content\/uploads\/2017\/01\/IMG_6907-1.jpg\",\"width\":2048,\"height\":1365,\"caption\":\"Zeitpunkt K\u00fcndigung Massenentlassung\"},{\"@type\":\"BreadcrumbList\",\"@id\":\"https:\/\/kanzlei-beuttler.de\/es\/eingang-der-massenentlassungsanzeige-entscheidet-ueber-zulaessigen-kuendigungszeitpunkt-bag-13-juni-2019\/#breadcrumb\",\"itemListElement\":[{\"@type\":\"ListItem\",\"position\":1,\"name\":\"Startseite\",\"item\":\"https:\/\/kanzlei-beuttler.de\/\"},{\"@type\":\"ListItem\",\"position\":2,\"name\":\"Eingang der Massenentlassungsanzeige entscheidet \u00fcber zul\u00e4ssigen K\u00fcndigungszeitpunkt &#8211; BAG 13. Juni 2019\"}]},{\"@type\":\"WebSite\",\"@id\":\"https:\/\/kanzlei-beuttler.de\/de\/#website\",\"url\":\"https:\/\/kanzlei-beuttler.de\/de\/\",\"name\":\"Kanzlei Beuttler\",\"description\":\"Ihre Anw\u00e4ltin in Berlin\",\"potentialAction\":[{\"@type\":\"SearchAction\",\"target\":{\"@type\":\"EntryPoint\",\"urlTemplate\":\"https:\/\/kanzlei-beuttler.de\/de\/?s={search_term_string}\"},\"query-input\":{\"@type\":\"PropertyValueSpecification\",\"valueRequired\":true,\"valueName\":\"search_term_string\"}}],\"inLanguage\":\"es\"},{\"@type\":\"Person\",\"@id\":\"https:\/\/kanzlei-beuttler.de\/de\/#\/schema\/person\/731235c91a47222779a5d6dd480311b8\",\"name\":\"TJB\",\"image\":{\"@type\":\"ImageObject\",\"inLanguage\":\"es\",\"@id\":\"https:\/\/kanzlei-beuttler.de\/de\/#\/schema\/person\/image\/\",\"url\":\"https:\/\/secure.gravatar.com\/avatar\/4e09b86d516e2955c422da47988a0c1930807d4a614f8a50233519379a282372?s=96&d=mm&r=g\",\"contentUrl\":\"https:\/\/secure.gravatar.com\/avatar\/4e09b86d516e2955c422da47988a0c1930807d4a614f8a50233519379a282372?s=96&d=mm&r=g\",\"caption\":\"TJB\"},\"url\":\"https:\/\/kanzlei-beuttler.de\/es\/author\/tjb\/\"}]}<\/script>\n<!-- \/ Yoast SEO plugin. -->","yoast_head_json":{"title":"Eingang der Massenentlassungsanzeige entscheidet \u00fcber zul\u00e4ssigen K\u00fcndigungszeitpunkt - BAG 13. Juni 2019 - Kanzlei Beuttler","description":"Eine K\u00fcndigung darf nicht schneller sein als eine Massenentlassungsanzeige. Geht eine K\u00fcndigung dem Arbeitnehmer zu, bevor die entsprechende Anzeige des Arbeitgebers bei der Agentur f\u00fcr Arbeit eingeht, ist sie unwirksam.","robots":{"index":"index","follow":"follow","max-snippet":"max-snippet:-1","max-image-preview":"max-image-preview:large","max-video-preview":"max-video-preview:-1"},"canonical":"https:\/\/kanzlei-beuttler.de\/es\/eingang-der-massenentlassungsanzeige-entscheidet-ueber-zulaessigen-kuendigungszeitpunkt-bag-13-juni-2019\/","og_locale":"es_ES","og_type":"article","og_title":"Eingang der Massenentlassungsanzeige entscheidet \u00fcber zul\u00e4ssigen K\u00fcndigungszeitpunkt - BAG 13. Juni 2019 - Kanzlei Beuttler","og_description":"Eine K\u00fcndigung darf nicht schneller sein als eine Massenentlassungsanzeige. Geht eine K\u00fcndigung dem Arbeitnehmer zu, bevor die entsprechende Anzeige des Arbeitgebers bei der Agentur f\u00fcr Arbeit eingeht, ist sie unwirksam.","og_url":"https:\/\/kanzlei-beuttler.de\/es\/eingang-der-massenentlassungsanzeige-entscheidet-ueber-zulaessigen-kuendigungszeitpunkt-bag-13-juni-2019\/","og_site_name":"Kanzlei Beuttler","article_published_time":"2019-11-10T22:18:28+00:00","article_modified_time":"2019-12-01T16:47:12+00:00","og_image":[{"width":2048,"height":1365,"url":"https:\/\/kanzlei-beuttler.de\/wp-content\/uploads\/2017\/01\/IMG_6907-1.jpg","type":"image\/jpeg"}],"author":"TJB","twitter_card":"summary_large_image","twitter_misc":{"Escrito por":"TJB","Tiempo de lectura":"3 minutos"},"schema":{"@context":"https:\/\/schema.org","@graph":[{"@type":"WebPage","@id":"https:\/\/kanzlei-beuttler.de\/es\/eingang-der-massenentlassungsanzeige-entscheidet-ueber-zulaessigen-kuendigungszeitpunkt-bag-13-juni-2019\/","url":"https:\/\/kanzlei-beuttler.de\/es\/eingang-der-massenentlassungsanzeige-entscheidet-ueber-zulaessigen-kuendigungszeitpunkt-bag-13-juni-2019\/","name":"Eingang der Massenentlassungsanzeige entscheidet \u00fcber zul\u00e4ssigen K\u00fcndigungszeitpunkt - BAG 13. Juni 2019 - Kanzlei Beuttler","isPartOf":{"@id":"https:\/\/kanzlei-beuttler.de\/de\/#website"},"primaryImageOfPage":{"@id":"https:\/\/kanzlei-beuttler.de\/es\/eingang-der-massenentlassungsanzeige-entscheidet-ueber-zulaessigen-kuendigungszeitpunkt-bag-13-juni-2019\/#primaryimage"},"image":{"@id":"https:\/\/kanzlei-beuttler.de\/es\/eingang-der-massenentlassungsanzeige-entscheidet-ueber-zulaessigen-kuendigungszeitpunkt-bag-13-juni-2019\/#primaryimage"},"thumbnailUrl":"https:\/\/kanzlei-beuttler.de\/wp-content\/uploads\/2017\/01\/IMG_6907-1.jpg","datePublished":"2019-11-10T22:18:28+00:00","dateModified":"2019-12-01T16:47:12+00:00","author":{"@id":"https:\/\/kanzlei-beuttler.de\/de\/#\/schema\/person\/731235c91a47222779a5d6dd480311b8"},"description":"Eine K\u00fcndigung darf nicht schneller sein als eine Massenentlassungsanzeige. Geht eine K\u00fcndigung dem Arbeitnehmer zu, bevor die entsprechende Anzeige des Arbeitgebers bei der Agentur f\u00fcr Arbeit eingeht, ist sie unwirksam.","breadcrumb":{"@id":"https:\/\/kanzlei-beuttler.de\/es\/eingang-der-massenentlassungsanzeige-entscheidet-ueber-zulaessigen-kuendigungszeitpunkt-bag-13-juni-2019\/#breadcrumb"},"inLanguage":"es","potentialAction":[{"@type":"ReadAction","target":["https:\/\/kanzlei-beuttler.de\/es\/eingang-der-massenentlassungsanzeige-entscheidet-ueber-zulaessigen-kuendigungszeitpunkt-bag-13-juni-2019\/"]}]},{"@type":"ImageObject","inLanguage":"es","@id":"https:\/\/kanzlei-beuttler.de\/es\/eingang-der-massenentlassungsanzeige-entscheidet-ueber-zulaessigen-kuendigungszeitpunkt-bag-13-juni-2019\/#primaryimage","url":"https:\/\/kanzlei-beuttler.de\/wp-content\/uploads\/2017\/01\/IMG_6907-1.jpg","contentUrl":"https:\/\/kanzlei-beuttler.de\/wp-content\/uploads\/2017\/01\/IMG_6907-1.jpg","width":2048,"height":1365,"caption":"Zeitpunkt K\u00fcndigung Massenentlassung"},{"@type":"BreadcrumbList","@id":"https:\/\/kanzlei-beuttler.de\/es\/eingang-der-massenentlassungsanzeige-entscheidet-ueber-zulaessigen-kuendigungszeitpunkt-bag-13-juni-2019\/#breadcrumb","itemListElement":[{"@type":"ListItem","position":1,"name":"Startseite","item":"https:\/\/kanzlei-beuttler.de\/"},{"@type":"ListItem","position":2,"name":"Eingang der Massenentlassungsanzeige entscheidet \u00fcber zul\u00e4ssigen K\u00fcndigungszeitpunkt &#8211; BAG 13. Juni 2019"}]},{"@type":"WebSite","@id":"https:\/\/kanzlei-beuttler.de\/de\/#website","url":"https:\/\/kanzlei-beuttler.de\/de\/","name":"Kanzlei Beuttler","description":"Ihre Anw\u00e4ltin in Berlin","potentialAction":[{"@type":"SearchAction","target":{"@type":"EntryPoint","urlTemplate":"https:\/\/kanzlei-beuttler.de\/de\/?s={search_term_string}"},"query-input":{"@type":"PropertyValueSpecification","valueRequired":true,"valueName":"search_term_string"}}],"inLanguage":"es"},{"@type":"Person","@id":"https:\/\/kanzlei-beuttler.de\/de\/#\/schema\/person\/731235c91a47222779a5d6dd480311b8","name":"TJB","image":{"@type":"ImageObject","inLanguage":"es","@id":"https:\/\/kanzlei-beuttler.de\/de\/#\/schema\/person\/image\/","url":"https:\/\/secure.gravatar.com\/avatar\/4e09b86d516e2955c422da47988a0c1930807d4a614f8a50233519379a282372?s=96&d=mm&r=g","contentUrl":"https:\/\/secure.gravatar.com\/avatar\/4e09b86d516e2955c422da47988a0c1930807d4a614f8a50233519379a282372?s=96&d=mm&r=g","caption":"TJB"},"url":"https:\/\/kanzlei-beuttler.de\/es\/author\/tjb\/"}]}},"_links":{"self":[{"href":"https:\/\/kanzlei-beuttler.de\/es\/wp-json\/wp\/v2\/posts\/731","targetHints":{"allow":["GET"]}}],"collection":[{"href":"https:\/\/kanzlei-beuttler.de\/es\/wp-json\/wp\/v2\/posts"}],"about":[{"href":"https:\/\/kanzlei-beuttler.de\/es\/wp-json\/wp\/v2\/types\/post"}],"author":[{"embeddable":true,"href":"https:\/\/kanzlei-beuttler.de\/es\/wp-json\/wp\/v2\/users\/2"}],"replies":[{"embeddable":true,"href":"https:\/\/kanzlei-beuttler.de\/es\/wp-json\/wp\/v2\/comments?post=731"}],"version-history":[{"count":9,"href":"https:\/\/kanzlei-beuttler.de\/es\/wp-json\/wp\/v2\/posts\/731\/revisions"}],"predecessor-version":[{"id":773,"href":"https:\/\/kanzlei-beuttler.de\/es\/wp-json\/wp\/v2\/posts\/731\/revisions\/773"}],"wp:featuredmedia":[{"embeddable":true,"href":"https:\/\/kanzlei-beuttler.de\/es\/wp-json\/wp\/v2\/media\/417"}],"wp:attachment":[{"href":"https:\/\/kanzlei-beuttler.de\/es\/wp-json\/wp\/v2\/media?parent=731"}],"wp:term":[{"taxonomy":"category","embeddable":true,"href":"https:\/\/kanzlei-beuttler.de\/es\/wp-json\/wp\/v2\/categories?post=731"},{"taxonomy":"post_tag","embeddable":true,"href":"https:\/\/kanzlei-beuttler.de\/es\/wp-json\/wp\/v2\/tags?post=731"}],"curies":[{"name":"wp","href":"https:\/\/api.w.org\/{rel}","templated":true}]}}