{"id":766,"date":"2019-09-01T17:29:01","date_gmt":"2019-09-01T15:29:01","guid":{"rendered":"https:\/\/kanzlei-beuttler.de\/?p=766"},"modified":"2019-12-01T17:57:49","modified_gmt":"2019-12-01T16:57:49","slug":"unwirksamkeit-der-kuendigung-des-chefarztes-eines-katholischen-krankenhauses-wegen-wiederverheiratung-bestaetigt-bag-20-februar-2019","status":"publish","type":"post","link":"https:\/\/kanzlei-beuttler.de\/de\/unwirksamkeit-der-kuendigung-des-chefarztes-eines-katholischen-krankenhauses-wegen-wiederverheiratung-bestaetigt-bag-20-februar-2019\/","title":{"rendered":"Unwirksamkeit der K\u00fcndigung des Chefarztes eines katholischen Krankenhauses wegen Wiederverheiratung best\u00e4tigt &#8211; BAG 20. Februar 2019"},"content":{"rendered":"<p>Eine Einrichtung der katholischen Kirche darf ihre eigenen Kirchenmitglieder grunds\u00e4tzlich nicht aufgrund der Religionszugeh\u00f6rigkeit benachteiligen oder diskriminieren:\u00a0\u201eEin der r\u00f6misch-katholischen Kirche verbundenes Krankenhaus darf seine Besch\u00e4ftigten in leitender Stellung bei der Anforderung, sich loyal und aufrichtig im Sinne des katholischen Selbstverst\u00e4ndnisses zu verhalten, nur dann nach ihrer Religionszugeh\u00f6rigkeit unterschiedlich behandeln, wenn dies im Hinblick auf die Art der betreffenden beruflichen T\u00e4tigkeiten oder die Umst\u00e4nde ihrer Aus\u00fcbung eine wesentliche, rechtm\u00e4\u00dfige und gerechtfertigte berufliche Anforderung darstellt.\u201c<\/p>\n<h4>Durchblick<\/h4>\n<p>\u201eDie Beklagte ist Tr\u00e4gerin von Krankenh\u00e4usern und institutionell mit der katholischen Kirche verbunden. Der katholische Kl\u00e4ger war bei ihr als Chefarzt besch\u00e4ftigt. Den Dienstvertrag schlossen die Parteien unter Zugrundelegung der vom Erzbischof von K\u00f6ln erlassenen Grundordnung des kirchlichen Dienstes im Rahmen kirchlicher Arbeitsverh\u00e4ltnisse vom 23. September 1993 (GrO 1993). Nach deren Art. 5 Abs. 2 GrO 1993 handelte es sich ua. beim Abschluss einer nach dem Glaubensverst\u00e4ndnis und der Rechtsordnung der Kirche ung\u00fcltigen Ehe um einen schwerwiegenden Loyalit\u00e4tsversto\u00df, der eine K\u00fcndigung rechtfertigen konnte. Der Kl\u00e4ger war nach katholischem Ritus verheiratet. Nach der Scheidung von seiner ersten Ehefrau heiratete er im Jahr 2008 ein zweites Mal standesamtlich. Nachdem die Beklagte hiervon Kenntnis erlangt hatte, k\u00fcndigte sie das Arbeitsverh\u00e4ltnis ordentlich zum 30. September 2009. Hiergegen hat sich der Kl\u00e4ger mit der vorliegenden K\u00fcndigungsschutzklage gewandt. Arbeitsgericht und Landesarbeitsgericht haben der Klage stattgegeben. \u00dcber ein in diesem Verfahren ergangenes Vorabentscheidungsersuchen des Senats zum Inhalt und zur Auslegung des Unionsrechts hat der Gerichtshof der Europ\u00e4ischen Union mit Urteil vom 11. September 2018 (- C-68\/17 -) entschieden.<\/p>\n<p>Die Revision der Beklagten hatte vor dem Zweiten Senat des Bundesarbeitsgerichts keinen Erfolg. Die K\u00fcndigung ist nicht durch Gr\u00fcnde im Verhalten oder in der Person des Kl\u00e4gers sozial gerechtfertigt (\u00a7 1 Abs. 2 KSchG). Mit seiner Wiederverheiratung verletzte dieser weder eine wirksam vereinbarte Loyalit\u00e4tspflicht noch eine berechtigte Loyalit\u00e4tserwartung der Beklagten. Die Vereinbarung im Dienstvertrag der Parteien, mit der die GrO 1993 in Bezug genommen wurde, ist gem. \u00a7 7 Abs. 2 AGG unwirksam, soweit dadurch das Leben in kirchlich ung\u00fcltiger Ehe als schwerwiegender Loyalit\u00e4tsversto\u00df bestimmt ist. Diese Regelung benachteiligte den Kl\u00e4ger gegen\u00fcber nicht der katholischen Kirche angeh\u00f6renden leitenden Mitarbeitern wegen seiner Religionszugeh\u00f6rigkeit und damit wegen eines in \u00a7 1 AGG genannten Grundes, ohne dass dies nach \u00a7 9 Abs. 2 AGG gerechtfertigt ist. Dies folgt aus einer unionsrechtskonformen Auslegung von \u00a7 9 Abs. 2 AGG, jedenfalls aber aus dem Anwendungsvorrang des Unionsrechts. Die Loyalit\u00e4tspflicht, keine nach dem Glaubensverst\u00e4ndnis und der Rechtsordnung der katholischen Kirche ung\u00fcltige Ehe zu schlie\u00dfen, war im Hinblick auf die Art der T\u00e4tigkeiten des Kl\u00e4gers und die Umst\u00e4nde ihrer Aus\u00fcbung keine wesentliche, rechtm\u00e4\u00dfige und gerechtfertigte berufliche Anforderung.<\/p>\n<p>Nationales Verfassungsrecht (vgl. dazu BVerfG 22. Oktober 2014 &#8211; 2 BvR 661\/12 -) steht dem nicht entgegen. Das Unionsrecht darf die Voraussetzungen, unter denen die der Kirche zugeordneten Einrichtungen ihre Besch\u00e4ftigten wegen der Religion ungleich behandeln d\u00fcrfen, n\u00e4her ausgestalten. Der Europ\u00e4ische Gerichtshof hat mit seiner Auslegung der Richtlinie 2000\/78\/EG seine Kompetenz nicht \u00fcberschritten. Es handelt sich nicht um einen \u201eUltra-Vires-Akt\u201c oder einen solchen, durch den die Verfassungsidentit\u00e4t des Grundgesetzes ber\u00fchrt wird.\u201c<\/p>\n<p>Pressemitteilung des Bundesarbeitsgerichts Nr. 10\/19, Urteil vom 20. Februar 2019 \u2013 2 AZR 746\/14; Vorinstanz: Landesarbeitsgericht D\u00fcsseldorf, Urteil vom 1. Juli 2010 \u2013 5 Sa 996\/09.<\/p>\n<p>Anmerkung: Die ausf\u00fchrliche Entscheidungsbegr\u00fcndung ist bereits ver\u00f6ffentlicht.<br \/>\nLink zum Bundesarbeitsgericht: <a href=\"http:\/\/www.bundesarbeitsgericht.de\">http:\/\/www.bundesarbeitsgericht.de<\/a><\/p>\n<h4>Weitblick<\/h4>\n<p>Der Fall ging innerhalb von rund 10 Jahren durch s\u00e4mtliche Instanzen und besch\u00e4ftigte 5 Gerichte: Arbeitsgericht, Landesarbeitsgericht, Bundesarbeitsgericht, Bundesverfassungsgericht, Europ\u00e4ischer Gerichtshof. Jetzt ist das vorerst letzte Wort gesprochen.\u00a0Man darf annehmen, dass dieser Fall sowohl den Arbeitgeber als auch die katholische Kirche Einiges gekostet hat: In finanzieller Hinsicht ist davon auszugehen, dass der Arbeitgeber das Chefarztgehalt von rund 10 Jahren wegen Annahmeverzugs nachzahlen oder zumindest ausgleichen muss. Die katholische Kirche hat an Gestaltungshoheit und an Gestaltungsreichweite verloren, ihre (zumindest die verk\u00fcndungsfernen) Einrichtungen m\u00fcssen sich jetzt einem strengeren Pr\u00fcfungsma\u00dfstab unterwerfen und unterliegen \u2013 so zumindest die Ansicht des EuGH und des BAG &#8211; aufgrund der Anwendbarkeit des Allgemeinen Gleichbehandlungsgesetz &#8211; bei Ungleichbehandlungen einem gr\u00f6\u00dferen Rechtfertigungsdruck. Das Bundesarbeitsgericht hat es nicht bei der zur\u00fcckhaltenden Bundesverfassungsgerichtsentscheidung belassen, sondern hat danach den EuGH angerufen. Dieser sah die Sache sodann im Ergebnis anders als das BVerfG. Das BAG schloss sich der Wertung des EuGH an. Das kann man so verstehen, dass in diesem Fall also auch das BVerfG ein Nachsehen gehabt hat.<\/p>","protected":false},"excerpt":{"rendered":"<p>Eine Einrichtung der katholischen Kirche darf ihre eigenen Kirchenmitglieder grunds\u00e4tzlich nicht aufgrund der Religionszugeh\u00f6rigkeit benachteiligen oder diskriminieren:\u00a0\u201eEin der r\u00f6misch-katholischen Kirche verbundenes Krankenhaus darf seine Besch\u00e4ftigten in leitender Stellung bei der Anforderung, sich loyal und aufrichtig im Sinne des katholischen Selbstverst\u00e4ndnisses<\/p>\n","protected":false},"author":2,"featured_media":439,"comment_status":"closed","ping_status":"closed","sticky":false,"template":"","format":"standard","meta":{"footnotes":""},"categories":[7,53,32,33],"tags":[68,141,135,143,13,142,14],"class_list":["post-766","post","type-post","status-publish","format-standard","has-post-thumbnail","hentry","category-arbeitsrecht","category-kuendigung","category-kuendigungsschutzrecht","category-verfassungsrecht","tag-allgemeines-gleichbehandlungsgesetz","tag-chefarzt","tag-diskriminierende-kuendigung","tag-katholische-kirche","tag-kuendigung","tag-kuendigungsschutz","tag-wiederverheiratung"],"yoast_head":"<!-- This site is optimized with the Yoast SEO plugin v25.5 - https:\/\/yoast.com\/wordpress\/plugins\/seo\/ -->\n<title>Unwirksamkeit der K\u00fcndigung des Chefarztes eines katholischen Krankenhauses wegen Wiederverheiratung best\u00e4tigt - BAG 20. Februar 2019 - Kanzlei Beuttler<\/title>\n<meta name=\"description\" content=\"Die K\u00fcndigung eines katholischen Arztes eines katholischen Krankenhauses wegen Wiederverheiratung ist unwirksam, wenn andere \u00c4rzte wieder heiraten d\u00fcrfen.\" \/>\n<meta name=\"robots\" content=\"index, follow, max-snippet:-1, max-image-preview:large, max-video-preview:-1\" \/>\n<link rel=\"canonical\" href=\"https:\/\/kanzlei-beuttler.de\/es\/unwirksamkeit-der-kuendigung-des-chefarztes-eines-katholischen-krankenhauses-wegen-wiederverheiratung-bestaetigt-bag-20-februar-2019\/\" \/>\n<meta property=\"og:locale\" content=\"de_DE\" \/>\n<meta property=\"og:type\" content=\"article\" \/>\n<meta property=\"og:title\" content=\"[:de]Unwirksamkeit der K\u00fcndigung des Chefarztes eines katholischen Krankenhauses wegen Wiederverheiratung best\u00e4tigt - BAG 20. Februar 2019[:] - Kanzlei Beuttler\" \/>\n<meta property=\"og:description\" content=\"Die K\u00fcndigung eines katholischen Arztes eines katholischen Krankenhauses wegen Wiederverheiratung ist unwirksam, wenn andere \u00c4rzte wieder heiraten d\u00fcrfen.\" \/>\n<meta property=\"og:url\" content=\"https:\/\/kanzlei-beuttler.de\/es\/unwirksamkeit-der-kuendigung-des-chefarztes-eines-katholischen-krankenhauses-wegen-wiederverheiratung-bestaetigt-bag-20-februar-2019\/\" \/>\n<meta property=\"og:site_name\" content=\"Kanzlei Beuttler\" \/>\n<meta property=\"article:published_time\" content=\"2019-09-01T15:29:01+00:00\" \/>\n<meta property=\"article:modified_time\" content=\"2019-12-01T16:57:49+00:00\" \/>\n<meta property=\"og:image\" content=\"https:\/\/kanzlei-beuttler.de\/wp-content\/uploads\/2017\/01\/CIMG5311-2.jpg\" \/>\n\t<meta property=\"og:image:width\" content=\"2048\" \/>\n\t<meta property=\"og:image:height\" content=\"1536\" \/>\n\t<meta property=\"og:image:type\" content=\"image\/jpeg\" \/>\n<meta name=\"author\" content=\"TJB\" \/>\n<meta name=\"twitter:card\" content=\"summary_large_image\" \/>\n<meta name=\"twitter:label1\" content=\"Verfasst von\" \/>\n\t<meta name=\"twitter:data1\" content=\"TJB\" \/>\n\t<meta name=\"twitter:label2\" content=\"Gesch\u00e4tzte Lesezeit\" \/>\n\t<meta name=\"twitter:data2\" content=\"4\u00a0Minuten\" \/>\n<script type=\"application\/ld+json\" class=\"yoast-schema-graph\">{\"@context\":\"https:\/\/schema.org\",\"@graph\":[{\"@type\":\"WebPage\",\"@id\":\"https:\/\/kanzlei-beuttler.de\/es\/unwirksamkeit-der-kuendigung-des-chefarztes-eines-katholischen-krankenhauses-wegen-wiederverheiratung-bestaetigt-bag-20-februar-2019\/\",\"url\":\"https:\/\/kanzlei-beuttler.de\/es\/unwirksamkeit-der-kuendigung-des-chefarztes-eines-katholischen-krankenhauses-wegen-wiederverheiratung-bestaetigt-bag-20-februar-2019\/\",\"name\":\"[:de]Unwirksamkeit der K\u00fcndigung des Chefarztes eines katholischen Krankenhauses wegen Wiederverheiratung best\u00e4tigt - BAG 20. Februar 2019[:] - Kanzlei Beuttler\",\"isPartOf\":{\"@id\":\"https:\/\/kanzlei-beuttler.de\/de\/#website\"},\"primaryImageOfPage\":{\"@id\":\"https:\/\/kanzlei-beuttler.de\/es\/unwirksamkeit-der-kuendigung-des-chefarztes-eines-katholischen-krankenhauses-wegen-wiederverheiratung-bestaetigt-bag-20-februar-2019\/#primaryimage\"},\"image\":{\"@id\":\"https:\/\/kanzlei-beuttler.de\/es\/unwirksamkeit-der-kuendigung-des-chefarztes-eines-katholischen-krankenhauses-wegen-wiederverheiratung-bestaetigt-bag-20-februar-2019\/#primaryimage\"},\"thumbnailUrl\":\"https:\/\/kanzlei-beuttler.de\/wp-content\/uploads\/2017\/01\/CIMG5311-2.jpg\",\"datePublished\":\"2019-09-01T15:29:01+00:00\",\"dateModified\":\"2019-12-01T16:57:49+00:00\",\"author\":{\"@id\":\"https:\/\/kanzlei-beuttler.de\/de\/#\/schema\/person\/731235c91a47222779a5d6dd480311b8\"},\"description\":\"Die K\u00fcndigung eines katholischen Arztes eines katholischen Krankenhauses wegen Wiederverheiratung ist unwirksam, wenn andere \u00c4rzte wieder heiraten d\u00fcrfen.\",\"breadcrumb\":{\"@id\":\"https:\/\/kanzlei-beuttler.de\/es\/unwirksamkeit-der-kuendigung-des-chefarztes-eines-katholischen-krankenhauses-wegen-wiederverheiratung-bestaetigt-bag-20-februar-2019\/#breadcrumb\"},\"inLanguage\":\"de\",\"potentialAction\":[{\"@type\":\"ReadAction\",\"target\":[\"https:\/\/kanzlei-beuttler.de\/es\/unwirksamkeit-der-kuendigung-des-chefarztes-eines-katholischen-krankenhauses-wegen-wiederverheiratung-bestaetigt-bag-20-februar-2019\/\"]}]},{\"@type\":\"ImageObject\",\"inLanguage\":\"de\",\"@id\":\"https:\/\/kanzlei-beuttler.de\/es\/unwirksamkeit-der-kuendigung-des-chefarztes-eines-katholischen-krankenhauses-wegen-wiederverheiratung-bestaetigt-bag-20-februar-2019\/#primaryimage\",\"url\":\"https:\/\/kanzlei-beuttler.de\/wp-content\/uploads\/2017\/01\/CIMG5311-2.jpg\",\"contentUrl\":\"https:\/\/kanzlei-beuttler.de\/wp-content\/uploads\/2017\/01\/CIMG5311-2.jpg\",\"width\":2048,\"height\":1536},{\"@type\":\"BreadcrumbList\",\"@id\":\"https:\/\/kanzlei-beuttler.de\/es\/unwirksamkeit-der-kuendigung-des-chefarztes-eines-katholischen-krankenhauses-wegen-wiederverheiratung-bestaetigt-bag-20-februar-2019\/#breadcrumb\",\"itemListElement\":[{\"@type\":\"ListItem\",\"position\":1,\"name\":\"Startseite\",\"item\":\"https:\/\/kanzlei-beuttler.de\/\"},{\"@type\":\"ListItem\",\"position\":2,\"name\":\"(Deutsch) Unwirksamkeit der K\u00fcndigung des Chefarztes eines katholischen Krankenhauses wegen Wiederverheiratung best\u00e4tigt &#8211; BAG 20. Februar 2019\"}]},{\"@type\":\"WebSite\",\"@id\":\"https:\/\/kanzlei-beuttler.de\/de\/#website\",\"url\":\"https:\/\/kanzlei-beuttler.de\/de\/\",\"name\":\"Kanzlei Beuttler\",\"description\":\"Ihre Anw\u00e4ltin in Berlin\",\"potentialAction\":[{\"@type\":\"SearchAction\",\"target\":{\"@type\":\"EntryPoint\",\"urlTemplate\":\"https:\/\/kanzlei-beuttler.de\/de\/?s={search_term_string}\"},\"query-input\":{\"@type\":\"PropertyValueSpecification\",\"valueRequired\":true,\"valueName\":\"search_term_string\"}}],\"inLanguage\":\"de\"},{\"@type\":\"Person\",\"@id\":\"https:\/\/kanzlei-beuttler.de\/de\/#\/schema\/person\/731235c91a47222779a5d6dd480311b8\",\"name\":\"TJB\",\"image\":{\"@type\":\"ImageObject\",\"inLanguage\":\"de\",\"@id\":\"https:\/\/kanzlei-beuttler.de\/de\/#\/schema\/person\/image\/\",\"url\":\"https:\/\/secure.gravatar.com\/avatar\/4e09b86d516e2955c422da47988a0c1930807d4a614f8a50233519379a282372?s=96&d=mm&r=g\",\"contentUrl\":\"https:\/\/secure.gravatar.com\/avatar\/4e09b86d516e2955c422da47988a0c1930807d4a614f8a50233519379a282372?s=96&d=mm&r=g\",\"caption\":\"TJB\"},\"url\":\"https:\/\/kanzlei-beuttler.de\/de\/author\/tjb\/\"}]}<\/script>\n<!-- \/ Yoast SEO plugin. -->","yoast_head_json":{"title":"[:de]Unwirksamkeit der K\u00fcndigung des Chefarztes eines katholischen Krankenhauses wegen Wiederverheiratung best\u00e4tigt - BAG 20. Februar 2019[:] - Kanzlei Beuttler","description":"Die K\u00fcndigung eines katholischen Arztes eines katholischen Krankenhauses wegen Wiederverheiratung ist unwirksam, wenn andere \u00c4rzte wieder heiraten d\u00fcrfen.","robots":{"index":"index","follow":"follow","max-snippet":"max-snippet:-1","max-image-preview":"max-image-preview:large","max-video-preview":"max-video-preview:-1"},"canonical":"https:\/\/kanzlei-beuttler.de\/es\/unwirksamkeit-der-kuendigung-des-chefarztes-eines-katholischen-krankenhauses-wegen-wiederverheiratung-bestaetigt-bag-20-februar-2019\/","og_locale":"de_DE","og_type":"article","og_title":"[:de]Unwirksamkeit der K\u00fcndigung des Chefarztes eines katholischen Krankenhauses wegen Wiederverheiratung best\u00e4tigt - BAG 20. Februar 2019[:] - Kanzlei Beuttler","og_description":"Die K\u00fcndigung eines katholischen Arztes eines katholischen Krankenhauses wegen Wiederverheiratung ist unwirksam, wenn andere \u00c4rzte wieder heiraten d\u00fcrfen.","og_url":"https:\/\/kanzlei-beuttler.de\/es\/unwirksamkeit-der-kuendigung-des-chefarztes-eines-katholischen-krankenhauses-wegen-wiederverheiratung-bestaetigt-bag-20-februar-2019\/","og_site_name":"Kanzlei Beuttler","article_published_time":"2019-09-01T15:29:01+00:00","article_modified_time":"2019-12-01T16:57:49+00:00","og_image":[{"width":2048,"height":1536,"url":"https:\/\/kanzlei-beuttler.de\/wp-content\/uploads\/2017\/01\/CIMG5311-2.jpg","type":"image\/jpeg"}],"author":"TJB","twitter_card":"summary_large_image","twitter_misc":{"Verfasst von":"TJB","Gesch\u00e4tzte Lesezeit":"4\u00a0Minuten"},"schema":{"@context":"https:\/\/schema.org","@graph":[{"@type":"WebPage","@id":"https:\/\/kanzlei-beuttler.de\/es\/unwirksamkeit-der-kuendigung-des-chefarztes-eines-katholischen-krankenhauses-wegen-wiederverheiratung-bestaetigt-bag-20-februar-2019\/","url":"https:\/\/kanzlei-beuttler.de\/es\/unwirksamkeit-der-kuendigung-des-chefarztes-eines-katholischen-krankenhauses-wegen-wiederverheiratung-bestaetigt-bag-20-februar-2019\/","name":"[:de]Unwirksamkeit der K\u00fcndigung des Chefarztes eines katholischen Krankenhauses wegen Wiederverheiratung best\u00e4tigt - BAG 20. Februar 2019[:] - Kanzlei Beuttler","isPartOf":{"@id":"https:\/\/kanzlei-beuttler.de\/de\/#website"},"primaryImageOfPage":{"@id":"https:\/\/kanzlei-beuttler.de\/es\/unwirksamkeit-der-kuendigung-des-chefarztes-eines-katholischen-krankenhauses-wegen-wiederverheiratung-bestaetigt-bag-20-februar-2019\/#primaryimage"},"image":{"@id":"https:\/\/kanzlei-beuttler.de\/es\/unwirksamkeit-der-kuendigung-des-chefarztes-eines-katholischen-krankenhauses-wegen-wiederverheiratung-bestaetigt-bag-20-februar-2019\/#primaryimage"},"thumbnailUrl":"https:\/\/kanzlei-beuttler.de\/wp-content\/uploads\/2017\/01\/CIMG5311-2.jpg","datePublished":"2019-09-01T15:29:01+00:00","dateModified":"2019-12-01T16:57:49+00:00","author":{"@id":"https:\/\/kanzlei-beuttler.de\/de\/#\/schema\/person\/731235c91a47222779a5d6dd480311b8"},"description":"Die K\u00fcndigung eines katholischen Arztes eines katholischen Krankenhauses wegen Wiederverheiratung ist unwirksam, wenn andere \u00c4rzte wieder heiraten d\u00fcrfen.","breadcrumb":{"@id":"https:\/\/kanzlei-beuttler.de\/es\/unwirksamkeit-der-kuendigung-des-chefarztes-eines-katholischen-krankenhauses-wegen-wiederverheiratung-bestaetigt-bag-20-februar-2019\/#breadcrumb"},"inLanguage":"de","potentialAction":[{"@type":"ReadAction","target":["https:\/\/kanzlei-beuttler.de\/es\/unwirksamkeit-der-kuendigung-des-chefarztes-eines-katholischen-krankenhauses-wegen-wiederverheiratung-bestaetigt-bag-20-februar-2019\/"]}]},{"@type":"ImageObject","inLanguage":"de","@id":"https:\/\/kanzlei-beuttler.de\/es\/unwirksamkeit-der-kuendigung-des-chefarztes-eines-katholischen-krankenhauses-wegen-wiederverheiratung-bestaetigt-bag-20-februar-2019\/#primaryimage","url":"https:\/\/kanzlei-beuttler.de\/wp-content\/uploads\/2017\/01\/CIMG5311-2.jpg","contentUrl":"https:\/\/kanzlei-beuttler.de\/wp-content\/uploads\/2017\/01\/CIMG5311-2.jpg","width":2048,"height":1536},{"@type":"BreadcrumbList","@id":"https:\/\/kanzlei-beuttler.de\/es\/unwirksamkeit-der-kuendigung-des-chefarztes-eines-katholischen-krankenhauses-wegen-wiederverheiratung-bestaetigt-bag-20-februar-2019\/#breadcrumb","itemListElement":[{"@type":"ListItem","position":1,"name":"Startseite","item":"https:\/\/kanzlei-beuttler.de\/"},{"@type":"ListItem","position":2,"name":"(Deutsch) Unwirksamkeit der K\u00fcndigung des Chefarztes eines katholischen Krankenhauses wegen Wiederverheiratung best\u00e4tigt &#8211; BAG 20. Februar 2019"}]},{"@type":"WebSite","@id":"https:\/\/kanzlei-beuttler.de\/de\/#website","url":"https:\/\/kanzlei-beuttler.de\/de\/","name":"Kanzlei Beuttler","description":"Ihre Anw\u00e4ltin in Berlin","potentialAction":[{"@type":"SearchAction","target":{"@type":"EntryPoint","urlTemplate":"https:\/\/kanzlei-beuttler.de\/de\/?s={search_term_string}"},"query-input":{"@type":"PropertyValueSpecification","valueRequired":true,"valueName":"search_term_string"}}],"inLanguage":"de"},{"@type":"Person","@id":"https:\/\/kanzlei-beuttler.de\/de\/#\/schema\/person\/731235c91a47222779a5d6dd480311b8","name":"TJB","image":{"@type":"ImageObject","inLanguage":"de","@id":"https:\/\/kanzlei-beuttler.de\/de\/#\/schema\/person\/image\/","url":"https:\/\/secure.gravatar.com\/avatar\/4e09b86d516e2955c422da47988a0c1930807d4a614f8a50233519379a282372?s=96&d=mm&r=g","contentUrl":"https:\/\/secure.gravatar.com\/avatar\/4e09b86d516e2955c422da47988a0c1930807d4a614f8a50233519379a282372?s=96&d=mm&r=g","caption":"TJB"},"url":"https:\/\/kanzlei-beuttler.de\/de\/author\/tjb\/"}]}},"_links":{"self":[{"href":"https:\/\/kanzlei-beuttler.de\/de\/wp-json\/wp\/v2\/posts\/766","targetHints":{"allow":["GET"]}}],"collection":[{"href":"https:\/\/kanzlei-beuttler.de\/de\/wp-json\/wp\/v2\/posts"}],"about":[{"href":"https:\/\/kanzlei-beuttler.de\/de\/wp-json\/wp\/v2\/types\/post"}],"author":[{"embeddable":true,"href":"https:\/\/kanzlei-beuttler.de\/de\/wp-json\/wp\/v2\/users\/2"}],"replies":[{"embeddable":true,"href":"https:\/\/kanzlei-beuttler.de\/de\/wp-json\/wp\/v2\/comments?post=766"}],"version-history":[{"count":3,"href":"https:\/\/kanzlei-beuttler.de\/de\/wp-json\/wp\/v2\/posts\/766\/revisions"}],"predecessor-version":[{"id":769,"href":"https:\/\/kanzlei-beuttler.de\/de\/wp-json\/wp\/v2\/posts\/766\/revisions\/769"}],"wp:featuredmedia":[{"embeddable":true,"href":"https:\/\/kanzlei-beuttler.de\/de\/wp-json\/wp\/v2\/media\/439"}],"wp:attachment":[{"href":"https:\/\/kanzlei-beuttler.de\/de\/wp-json\/wp\/v2\/media?parent=766"}],"wp:term":[{"taxonomy":"category","embeddable":true,"href":"https:\/\/kanzlei-beuttler.de\/de\/wp-json\/wp\/v2\/categories?post=766"},{"taxonomy":"post_tag","embeddable":true,"href":"https:\/\/kanzlei-beuttler.de\/de\/wp-json\/wp\/v2\/tags?post=766"}],"curies":[{"name":"wp","href":"https:\/\/api.w.org\/{rel}","templated":true}]}}